{"id":47,"count":1,"description":"Die perfekte L\u00f6sung f\u00fcr alle, die echtes Campinggef\u00fchl genie\u00dfen m\u00f6chten \u2013 nur mit mehr Komfort. Die Wohnwagen bieten eine Veranda mit Gartenm\u00f6beln und eine durchdachte, praktische Raumaufteilung.","link":"https:\/\/www.deifiori.it\/de\/artder-feriendorf\/caravan\/","name":"Caravan","slug":"caravan","taxonomy":"tipologia_lodging","parent":0,"meta":[],"acf":[],"yoast_head":"<!-- This site is optimized with the Yoast SEO plugin v27.1.1 - https:\/\/yoast.com\/product\/yoast-seo-wordpress\/ -->\n<title>Caravan Archivi - Camping Village Dei Fiori<\/title>\n<meta name=\"robots\" content=\"index, follow, max-snippet:-1, max-image-preview:large, max-video-preview:-1\" \/>\n<link rel=\"canonical\" href=\"https:\/\/www.deifiori.it\/de\/artder-feriendorf\/caravan\/\" \/>\n<meta property=\"og:locale\" content=\"de_DE\" \/>\n<meta property=\"og:type\" content=\"article\" \/>\n<meta property=\"og:title\" content=\"Caravan Archivi - Camping Village Dei Fiori\" \/>\n<meta property=\"og:description\" content=\"Die perfekte L\u00f6sung f\u00fcr alle, die echtes Campinggef\u00fchl genie\u00dfen m\u00f6chten \u2013 nur mit mehr Komfort. Die Wohnwagen bieten eine Veranda mit Gartenm\u00f6beln und eine durchdachte, praktische Raumaufteilung.\" \/>\n<meta property=\"og:url\" content=\"https:\/\/www.deifiori.it\/de\/artder-feriendorf\/caravan\/\" \/>\n<meta property=\"og:site_name\" content=\"Camping Village Dei Fiori\" \/>\n<meta property=\"og:image\" content=\"https:\/\/www.deifiori.it\/wp-content\/uploads\/2025\/10\/F_orizzontale-stretto_logo_nero.png\" \/>\n\t<meta property=\"og:image:width\" content=\"1037\" \/>\n\t<meta property=\"og:image:height\" content=\"313\" \/>\n\t<meta property=\"og:image:type\" content=\"image\/png\" \/>\n<meta name=\"twitter:card\" content=\"summary_large_image\" \/>\n<script type=\"application\/ld+json\" class=\"yoast-schema-graph\">{\"@context\":\"https:\/\/schema.org\",\"@graph\":[{\"@type\":\"CollectionPage\",\"@id\":\"https:\/\/www.deifiori.it\/de\/artder-feriendorf\/caravan\/\",\"url\":\"https:\/\/www.deifiori.it\/de\/artder-feriendorf\/caravan\/\",\"name\":\"Caravan Archivi - Camping Village Dei Fiori\",\"isPartOf\":{\"@id\":\"https:\/\/www.deifiori.it\/de\/#website\"},\"breadcrumb\":{\"@id\":\"https:\/\/www.deifiori.it\/de\/artder-feriendorf\/caravan\/#breadcrumb\"},\"inLanguage\":\"de\"},{\"@type\":\"BreadcrumbList\",\"@id\":\"https:\/\/www.deifiori.it\/de\/artder-feriendorf\/caravan\/#breadcrumb\",\"itemListElement\":[{\"@type\":\"ListItem\",\"position\":1,\"name\":\"Home\",\"item\":\"https:\/\/www.deifiori.it\/de\/\"},{\"@type\":\"ListItem\",\"position\":2,\"name\":\"Lodging\",\"item\":\"https:\/\/www.deifiori.it\/de\/feriendorf\/\"},{\"@type\":\"ListItem\",\"position\":3,\"name\":\"Caravan\"}]},{\"@type\":\"WebSite\",\"@id\":\"https:\/\/www.deifiori.it\/de\/#website\",\"url\":\"https:\/\/www.deifiori.it\/de\/\",\"name\":\"Camping Village Dei Fiori\",\"description\":\"Il Camping a Cavallino per tutta la famiglia!\",\"publisher\":{\"@id\":\"https:\/\/www.deifiori.it\/de\/#organization\"},\"potentialAction\":[{\"@type\":\"SearchAction\",\"target\":{\"@type\":\"EntryPoint\",\"urlTemplate\":\"https:\/\/www.deifiori.it\/de\/?s={search_term_string}\"},\"query-input\":{\"@type\":\"PropertyValueSpecification\",\"valueRequired\":true,\"valueName\":\"search_term_string\"}}],\"inLanguage\":\"de\"},{\"@type\":\"Organization\",\"@id\":\"https:\/\/www.deifiori.it\/de\/#organization\",\"name\":\"Camping Village Dei Fiori\",\"url\":\"https:\/\/www.deifiori.it\/de\/\",\"logo\":{\"@type\":\"ImageObject\",\"inLanguage\":\"de\",\"@id\":\"https:\/\/www.deifiori.it\/de\/#\/schema\/logo\/image\/\",\"url\":\"https:\/\/www.deifiori.it\/wp-content\/uploads\/2025\/10\/F_orizzontale-stretto_logo_colori.png\",\"contentUrl\":\"https:\/\/www.deifiori.it\/wp-content\/uploads\/2025\/10\/F_orizzontale-stretto_logo_colori.png\",\"width\":1038,\"height\":313,\"caption\":\"Camping Village Dei Fiori\"},\"image\":{\"@id\":\"https:\/\/www.deifiori.it\/de\/#\/schema\/logo\/image\/\"},\"sameAs\":[\"https:\/\/www.facebook.com\/DeiFioriCamping\",\"https:\/\/www.instagram.com\/deifioricamping\/\",\"http:\/\/www.tripadvisor.it\/Hotel_Review-g194724-d238939-Reviews-Camping_Village_Dei_Fiori-Cavallino_Treporti_Veneto.html\"]}]}<\/script>\n<!-- \/ Yoast SEO plugin. -->","yoast_head_json":{"title":"Caravan Archivi - Camping Village Dei Fiori","robots":{"index":"index","follow":"follow","max-snippet":"max-snippet:-1","max-image-preview":"max-image-preview:large","max-video-preview":"max-video-preview:-1"},"canonical":"https:\/\/www.deifiori.it\/de\/artder-feriendorf\/caravan\/","og_locale":"de_DE","og_type":"article","og_title":"Caravan Archivi - Camping Village Dei Fiori","og_description":"Die perfekte L\u00f6sung f\u00fcr alle, die echtes Campinggef\u00fchl genie\u00dfen m\u00f6chten \u2013 nur mit mehr Komfort. Die Wohnwagen bieten eine Veranda mit Gartenm\u00f6beln und eine durchdachte, praktische Raumaufteilung.","og_url":"https:\/\/www.deifiori.it\/de\/artder-feriendorf\/caravan\/","og_site_name":"Camping Village Dei Fiori","og_image":[{"width":1037,"height":313,"url":"https:\/\/www.deifiori.it\/wp-content\/uploads\/2025\/10\/F_orizzontale-stretto_logo_nero.png","type":"image\/png"}],"twitter_card":"summary_large_image","schema":{"@context":"https:\/\/schema.org","@graph":[{"@type":"CollectionPage","@id":"https:\/\/www.deifiori.it\/de\/artder-feriendorf\/caravan\/","url":"https:\/\/www.deifiori.it\/de\/artder-feriendorf\/caravan\/","name":"Caravan Archivi - Camping Village Dei Fiori","isPartOf":{"@id":"https:\/\/www.deifiori.it\/de\/#website"},"breadcrumb":{"@id":"https:\/\/www.deifiori.it\/de\/artder-feriendorf\/caravan\/#breadcrumb"},"inLanguage":"de"},{"@type":"BreadcrumbList","@id":"https:\/\/www.deifiori.it\/de\/artder-feriendorf\/caravan\/#breadcrumb","itemListElement":[{"@type":"ListItem","position":1,"name":"Home","item":"https:\/\/www.deifiori.it\/de\/"},{"@type":"ListItem","position":2,"name":"Lodging","item":"https:\/\/www.deifiori.it\/de\/feriendorf\/"},{"@type":"ListItem","position":3,"name":"Caravan"}]},{"@type":"WebSite","@id":"https:\/\/www.deifiori.it\/de\/#website","url":"https:\/\/www.deifiori.it\/de\/","name":"Camping Village Dei Fiori","description":"Il Camping a Cavallino per tutta la famiglia!","publisher":{"@id":"https:\/\/www.deifiori.it\/de\/#organization"},"potentialAction":[{"@type":"SearchAction","target":{"@type":"EntryPoint","urlTemplate":"https:\/\/www.deifiori.it\/de\/?s={search_term_string}"},"query-input":{"@type":"PropertyValueSpecification","valueRequired":true,"valueName":"search_term_string"}}],"inLanguage":"de"},{"@type":"Organization","@id":"https:\/\/www.deifiori.it\/de\/#organization","name":"Camping Village Dei Fiori","url":"https:\/\/www.deifiori.it\/de\/","logo":{"@type":"ImageObject","inLanguage":"de","@id":"https:\/\/www.deifiori.it\/de\/#\/schema\/logo\/image\/","url":"https:\/\/www.deifiori.it\/wp-content\/uploads\/2025\/10\/F_orizzontale-stretto_logo_colori.png","contentUrl":"https:\/\/www.deifiori.it\/wp-content\/uploads\/2025\/10\/F_orizzontale-stretto_logo_colori.png","width":1038,"height":313,"caption":"Camping Village Dei Fiori"},"image":{"@id":"https:\/\/www.deifiori.it\/de\/#\/schema\/logo\/image\/"},"sameAs":["https:\/\/www.facebook.com\/DeiFioriCamping","https:\/\/www.instagram.com\/deifioricamping\/","http:\/\/www.tripadvisor.it\/Hotel_Review-g194724-d238939-Reviews-Camping_Village_Dei_Fiori-Cavallino_Treporti_Veneto.html"]}]}},"_links":{"self":[{"href":"https:\/\/www.deifiori.it\/de\/wp-json\/wp\/v2\/tipologia_lodging\/47","targetHints":{"allow":["GET"]}}],"collection":[{"href":"https:\/\/www.deifiori.it\/de\/wp-json\/wp\/v2\/tipologia_lodging"}],"about":[{"href":"https:\/\/www.deifiori.it\/de\/wp-json\/wp\/v2\/taxonomies\/tipologia_lodging"}],"wp:post_type":[{"href":"https:\/\/www.deifiori.it\/de\/wp-json\/wp\/v2\/lodging?tipologia_lodging=47"}],"curies":[{"name":"wp","href":"https:\/\/api.w.org\/{rel}","templated":true}]}}